{"id":345,"date":"2012-12-11T17:58:26","date_gmt":"2012-12-11T16:58:26","guid":{"rendered":"http:\/\/www.refrat.de\/semtix\/wordpress\/?p=345"},"modified":"2012-12-11T18:05:29","modified_gmt":"2012-12-11T17:05:29","slug":"neue-antragsfrist-fur-das-sommersemester-2013","status":"publish","type":"post","link":"https:\/\/www.refrat.de\/semtix\/wordpress\/neue-antragsfrist-fur-das-sommersemester-2013\/","title":{"rendered":"Neue Antragsfrist f\u00fcr das Sommersemester 2013"},"content":{"rendered":"<p>Am 07.01.2013 beginnt die neue Antragsfrist! Das bedeutet, dass alle Studierende der HU und der KHB einen Antrag auf Zuschuss zum Semesterticket aus dem Sozialfonds der Studierendenschaft stellen k\u00f6nnen.<br \/>\nDie Antragsformulare k\u00f6nnen ab Beginn der Antragsfrist hier heruntergeladen oder bei uns im B\u00fcro abgeholt werden.<\/p>\n<p>Die regul\u00e4re Antragsfrist endet am 28.02.2013. Es gibt jedoch eine Nachfrist von 14 Tagen. Sollte diese in Anspruch genommen werden, bitten wir Euch, den Antrag vollst\u00e4ndig (einschlie\u00dflich aller n\u00f6tigen Unterlagen) abzugeben.<\/p>\n<p><strong>ACHTUNG<\/strong>:<br \/>\nIhr findet uns nur in der ersten Woche der Antragsfrist (<strong>07.01. &#8211; 11.01.<\/strong>) in der <strong>Invalidenstra\u00dfe 110, 5.OG, Raum 533<\/strong>.<\/p>\n<p>In der Woche vom <strong>14.01. &#8211; 18.01.<\/strong> ziehen wir ins Hauptgeb\u00e4ude um und haben deshalb <strong>geschlossen!<\/strong><\/p>\n<p>Ab dem <strong>21.01.2013<\/strong> sind wir im <strong>Hauptgeb\u00e4ude der HU, Unter den Linden 6, 10099 Berlin im Raum 1050<\/strong> anzutreffen!<\/p>\n<p>\u00d6ffnungszeiten (Anfang Januar bis Ende Februar):<br \/>\nB\u00fcro Mitte:<br \/>\nmontags, dienstags, freitags 12:00 &#8211; 15:00 Uhr<br \/>\nmittwochs: 12:00 &#8211; 19:00 Uhr<\/p>\n<p>B\u00fcro Adlershof (Rudower Chaussee 25, Haus 2, Raum 324)<br \/>\ndonnerstags: 10:45 &#8211; 15:00 Uhr <\/p>\n","protected":false},"excerpt":{"rendered":"<p>Am 07.01.2013 beginnt die neue Antragsfrist! Das bedeutet, dass alle Studierende der HU und der KHB einen Antrag auf Zuschuss zum Semesterticket aus dem Sozialfonds der Studierendenschaft stellen k\u00f6nnen. Die Antragsformulare k\u00f6nnen ab Beginn der Antragsfrist hier heruntergeladen oder bei &hellip; <a href=\"https:\/\/www.refrat.de\/semtix\/wordpress\/neue-antragsfrist-fur-das-sommersemester-2013\/\">Weiterlesen <span class=\"meta-nav\">&rarr;<\/span><\/a><\/p>\n","protected":false},"author":2,"featured_media":0,"comment_status":"closed","ping_status":"closed","sticky":false,"template":"","format":"standard","meta":{"_lmt_disableupdate":"","_lmt_disable":"","footnotes":""},"categories":[1],"tags":[],"class_list":["post-345","post","type-post","status-publish","format-standard","hentry","category-allgemein"],"modified_by":"semtix","_links":{"self":[{"href":"https:\/\/www.refrat.de\/semtix\/wordpress\/wp-json\/wp\/v2\/posts\/345","targetHints":{"allow":["GET"]}}],"collection":[{"href":"https:\/\/www.refrat.de\/semtix\/wordpress\/wp-json\/wp\/v2\/posts"}],"about":[{"href":"https:\/\/www.refrat.de\/semtix\/wordpress\/wp-json\/wp\/v2\/types\/post"}],"author":[{"embeddable":true,"href":"https:\/\/www.refrat.de\/semtix\/wordpress\/wp-json\/wp\/v2\/users\/2"}],"replies":[{"embeddable":true,"href":"https:\/\/www.refrat.de\/semtix\/wordpress\/wp-json\/wp\/v2\/comments?post=345"}],"version-history":[{"count":12,"href":"https:\/\/www.refrat.de\/semtix\/wordpress\/wp-json\/wp\/v2\/posts\/345\/revisions"}],"predecessor-version":[{"id":357,"href":"https:\/\/www.refrat.de\/semtix\/wordpress\/wp-json\/wp\/v2\/posts\/345\/revisions\/357"}],"wp:attachment":[{"href":"https:\/\/www.refrat.de\/semtix\/wordpress\/wp-json\/wp\/v2\/media?parent=345"}],"wp:term":[{"taxonomy":"category","embeddable":true,"href":"https:\/\/www.refrat.de\/semtix\/wordpress\/wp-json\/wp\/v2\/categories?post=345"},{"taxonomy":"post_tag","embeddable":true,"href":"https:\/\/www.refrat.de\/semtix\/wordpress\/wp-json\/wp\/v2\/tags?post=345"}],"curies":[{"name":"wp","href":"https:\/\/api.w.org\/{rel}","templated":true}]}}