{"id":2328,"date":"2025-02-11T17:44:30","date_gmt":"2025-02-11T16:44:30","guid":{"rendered":"https:\/\/www.refrat.de\/semtix\/wordpress\/?p=2328"},"modified":"2025-02-11T17:44:30","modified_gmt":"2025-02-11T16:44:30","slug":"februar-verkuerzte-sprechzeiten","status":"publish","type":"post","link":"https:\/\/www.refrat.de\/semtix\/wordpress\/februar-verkuerzte-sprechzeiten\/","title":{"rendered":"Februar verk\u00fcrzte Sprechzeiten"},"content":{"rendered":"<p>Hallo ihr Lieben,<\/p>\n<p>nur ein kurzes Update zu den Sprechzeiten, aufgrund von Abwesenheit sind wir f\u00fcr den Rest des Monats Februar nur noch mittwochs von 14:30 &#8211; 16:30 Uhr telefonisch erreichbar. Wir hoffen, ab M\u00e4rz wieder erweiterte Sprechzeiten anbieten zu k\u00f6nnen.<\/p>\n<p>Wir entschuldigen uns f\u00fcr die Unannehmlichkeiten,<\/p>\n<p>Euer,<\/p>\n<p>SemTix<\/p>\n","protected":false},"excerpt":{"rendered":"<p>Hallo ihr Lieben, nur ein kurzes Update zu den Sprechzeiten, aufgrund von Abwesenheit sind wir f\u00fcr den Rest des Monats Februar nur noch mittwochs von 14:30 &#8211; 16:30 Uhr telefonisch erreichbar. Wir hoffen, ab M\u00e4rz wieder erweiterte Sprechzeiten anbieten zu &hellip; <a href=\"https:\/\/www.refrat.de\/semtix\/wordpress\/februar-verkuerzte-sprechzeiten\/\">Weiterlesen <span class=\"meta-nav\">&rarr;<\/span><\/a><\/p>\n","protected":false},"author":1,"featured_media":0,"comment_status":"closed","ping_status":"closed","sticky":false,"template":"","format":"standard","meta":{"_lmt_disableupdate":"","_lmt_disable":"","footnotes":""},"categories":[1],"tags":[],"class_list":["post-2328","post","type-post","status-publish","format-standard","hentry","category-allgemein"],"modified_by":"admin","_links":{"self":[{"href":"https:\/\/www.refrat.de\/semtix\/wordpress\/wp-json\/wp\/v2\/posts\/2328","targetHints":{"allow":["GET"]}}],"collection":[{"href":"https:\/\/www.refrat.de\/semtix\/wordpress\/wp-json\/wp\/v2\/posts"}],"about":[{"href":"https:\/\/www.refrat.de\/semtix\/wordpress\/wp-json\/wp\/v2\/types\/post"}],"author":[{"embeddable":true,"href":"https:\/\/www.refrat.de\/semtix\/wordpress\/wp-json\/wp\/v2\/users\/1"}],"replies":[{"embeddable":true,"href":"https:\/\/www.refrat.de\/semtix\/wordpress\/wp-json\/wp\/v2\/comments?post=2328"}],"version-history":[{"count":1,"href":"https:\/\/www.refrat.de\/semtix\/wordpress\/wp-json\/wp\/v2\/posts\/2328\/revisions"}],"predecessor-version":[{"id":2329,"href":"https:\/\/www.refrat.de\/semtix\/wordpress\/wp-json\/wp\/v2\/posts\/2328\/revisions\/2329"}],"wp:attachment":[{"href":"https:\/\/www.refrat.de\/semtix\/wordpress\/wp-json\/wp\/v2\/media?parent=2328"}],"wp:term":[{"taxonomy":"category","embeddable":true,"href":"https:\/\/www.refrat.de\/semtix\/wordpress\/wp-json\/wp\/v2\/categories?post=2328"},{"taxonomy":"post_tag","embeddable":true,"href":"https:\/\/www.refrat.de\/semtix\/wordpress\/wp-json\/wp\/v2\/tags?post=2328"}],"curies":[{"name":"wp","href":"https:\/\/api.w.org\/{rel}","templated":true}]}}