{"id":1781,"date":"2022-01-03T16:33:18","date_gmt":"2022-01-03T15:33:18","guid":{"rendered":"https:\/\/www.refrat.de\/semtix\/wordpress\/?p=1781"},"modified":"2022-01-07T15:22:10","modified_gmt":"2022-01-07T14:22:10","slug":"antragsformulare-sose22","status":"publish","type":"post","link":"https:\/\/www.refrat.de\/semtix\/wordpress\/antragsformulare-sose22\/","title":{"rendered":"Antragsformulare SoSe22"},"content":{"rendered":"<p>Liebe Antragsteller*innen,<\/p>\n<p>wir sind gerade noch dabei, die Antragsformulare f\u00fcr&#8217;s Sommersemester 2022 zu \u00fcberarbeiten. Sie werden also demn\u00e4chst (bis sp\u00e4testens Ende n\u00e4chster Woche) <a href=\"https:\/\/www.refrat.de\/semtix\/wordpress\/formulare\/\">hier<\/a> zu finden sein.<br \/>\nBitte seht bis dahin von Nachfragen ab, wann die Formulare online sein werden oder ihr einen Antrag stellen k\u00f6nnt.<\/p>\n<p>Nachtrag 7. Januar: die Formulare stehen jetzt online zur Verf\u00fcgung.<\/p>\n<p>Mit lieben Gr\u00fc\u00dfen und den besten Neujahrsw\u00fcnschen,<br \/>\neuer Semtix-Team<\/p>\n","protected":false},"excerpt":{"rendered":"<p>Liebe Antragsteller*innen, wir sind gerade noch dabei, die Antragsformulare f\u00fcr&#8217;s Sommersemester 2022 zu \u00fcberarbeiten. Sie werden also demn\u00e4chst (bis sp\u00e4testens Ende n\u00e4chster Woche) hier zu finden sein. Bitte seht bis dahin von Nachfragen ab, wann die Formulare online sein werden &hellip; <a href=\"https:\/\/www.refrat.de\/semtix\/wordpress\/antragsformulare-sose22\/\">Weiterlesen <span class=\"meta-nav\">&rarr;<\/span><\/a><\/p>\n","protected":false},"author":2,"featured_media":0,"comment_status":"closed","ping_status":"closed","sticky":false,"template":"","format":"standard","meta":{"_lmt_disableupdate":"no","_lmt_disable":"","footnotes":""},"categories":[1],"tags":[],"class_list":["post-1781","post","type-post","status-publish","format-standard","hentry","category-allgemein"],"modified_by":"semtix","_links":{"self":[{"href":"https:\/\/www.refrat.de\/semtix\/wordpress\/wp-json\/wp\/v2\/posts\/1781","targetHints":{"allow":["GET"]}}],"collection":[{"href":"https:\/\/www.refrat.de\/semtix\/wordpress\/wp-json\/wp\/v2\/posts"}],"about":[{"href":"https:\/\/www.refrat.de\/semtix\/wordpress\/wp-json\/wp\/v2\/types\/post"}],"author":[{"embeddable":true,"href":"https:\/\/www.refrat.de\/semtix\/wordpress\/wp-json\/wp\/v2\/users\/2"}],"replies":[{"embeddable":true,"href":"https:\/\/www.refrat.de\/semtix\/wordpress\/wp-json\/wp\/v2\/comments?post=1781"}],"version-history":[{"count":3,"href":"https:\/\/www.refrat.de\/semtix\/wordpress\/wp-json\/wp\/v2\/posts\/1781\/revisions"}],"predecessor-version":[{"id":1795,"href":"https:\/\/www.refrat.de\/semtix\/wordpress\/wp-json\/wp\/v2\/posts\/1781\/revisions\/1795"}],"wp:attachment":[{"href":"https:\/\/www.refrat.de\/semtix\/wordpress\/wp-json\/wp\/v2\/media?parent=1781"}],"wp:term":[{"taxonomy":"category","embeddable":true,"href":"https:\/\/www.refrat.de\/semtix\/wordpress\/wp-json\/wp\/v2\/categories?post=1781"},{"taxonomy":"post_tag","embeddable":true,"href":"https:\/\/www.refrat.de\/semtix\/wordpress\/wp-json\/wp\/v2\/tags?post=1781"}],"curies":[{"name":"wp","href":"https:\/\/api.w.org\/{rel}","templated":true}]}}