{"id":1608,"date":"2020-12-17T11:17:30","date_gmt":"2020-12-17T10:17:30","guid":{"rendered":"http:\/\/www.refrat.de\/semtix\/wordpress\/?p=1608"},"modified":"2020-12-17T12:16:24","modified_gmt":"2020-12-17T11:16:24","slug":"stand-der-dinge","status":"publish","type":"post","link":"https:\/\/www.refrat.de\/semtix\/wordpress\/stand-der-dinge\/","title":{"rendered":"Stand der Dinge"},"content":{"rendered":"<p>Liebe Antragsstellende, wir sind dabei, die Berechnungen f\u00fcr das WiSe 20\/21 abzuschlie\u00dfen. Allerdings stehen wir gerade aufgrund von Umstellungen in der technischen Infrastruktur der HU vor gr\u00f6\u00dferen logistischen Herausforderungen, was die Auszahlung der Zusch\u00fcsse angeht. Da die L\u00f6sung dieser Probleme nicht allein an uns, sondern an mehreren Stellen h\u00e4ngt und wir deshalb nicht absch\u00e4tzen k\u00f6nnen, wann sie gekl\u00e4rt sein werden, werden wir die Bescheide erst verschicken sobald wir wissen, wie und wann wir auch die Zusch\u00fcsse auszahlen k\u00f6nnen. Bitte habt deshalb noch Geduld, wir hoffen im Januar alles kl\u00e4ren zu k\u00f6nnen.<\/p>\n<p>Die Bearbeitung der Antr\u00e4ge f\u00fcr die KHB ist noch im Gange, ihr werdet ebenfalls im Januar Bescheid erhalten.<\/p>\n<p>Die Formulare f\u00fcr das Sommersemester 2021 findet ihr wie immer ab Anfang Januar auf unserer Formular-Seite. Bitte schickt keine SoSe-Antr\u00e4ge auf WiSe-Formularen!<\/p>\n<p>Wir w\u00fcnschen euch sch\u00f6ne Feiertage und ein gutes neues Jahr!<\/p>\n","protected":false},"excerpt":{"rendered":"<p>Liebe Antragsstellende, wir sind dabei, die Berechnungen f\u00fcr das WiSe 20\/21 abzuschlie\u00dfen. Allerdings stehen wir gerade aufgrund von Umstellungen in der technischen Infrastruktur der HU vor gr\u00f6\u00dferen logistischen Herausforderungen, was die Auszahlung der Zusch\u00fcsse angeht. Da die L\u00f6sung dieser Probleme &hellip; <a href=\"https:\/\/www.refrat.de\/semtix\/wordpress\/stand-der-dinge\/\">Weiterlesen <span class=\"meta-nav\">&rarr;<\/span><\/a><\/p>\n","protected":false},"author":2,"featured_media":0,"comment_status":"closed","ping_status":"closed","sticky":false,"template":"","format":"standard","meta":{"_lmt_disableupdate":"","_lmt_disable":"","footnotes":""},"categories":[1],"tags":[],"class_list":["post-1608","post","type-post","status-publish","format-standard","hentry","category-allgemein"],"modified_by":"semtix","_links":{"self":[{"href":"https:\/\/www.refrat.de\/semtix\/wordpress\/wp-json\/wp\/v2\/posts\/1608","targetHints":{"allow":["GET"]}}],"collection":[{"href":"https:\/\/www.refrat.de\/semtix\/wordpress\/wp-json\/wp\/v2\/posts"}],"about":[{"href":"https:\/\/www.refrat.de\/semtix\/wordpress\/wp-json\/wp\/v2\/types\/post"}],"author":[{"embeddable":true,"href":"https:\/\/www.refrat.de\/semtix\/wordpress\/wp-json\/wp\/v2\/users\/2"}],"replies":[{"embeddable":true,"href":"https:\/\/www.refrat.de\/semtix\/wordpress\/wp-json\/wp\/v2\/comments?post=1608"}],"version-history":[{"count":2,"href":"https:\/\/www.refrat.de\/semtix\/wordpress\/wp-json\/wp\/v2\/posts\/1608\/revisions"}],"predecessor-version":[{"id":1612,"href":"https:\/\/www.refrat.de\/semtix\/wordpress\/wp-json\/wp\/v2\/posts\/1608\/revisions\/1612"}],"wp:attachment":[{"href":"https:\/\/www.refrat.de\/semtix\/wordpress\/wp-json\/wp\/v2\/media?parent=1608"}],"wp:term":[{"taxonomy":"category","embeddable":true,"href":"https:\/\/www.refrat.de\/semtix\/wordpress\/wp-json\/wp\/v2\/categories?post=1608"},{"taxonomy":"post_tag","embeddable":true,"href":"https:\/\/www.refrat.de\/semtix\/wordpress\/wp-json\/wp\/v2\/tags?post=1608"}],"curies":[{"name":"wp","href":"https:\/\/api.w.org\/{rel}","templated":true}]}}