{"id":1335,"date":"2018-07-20T13:23:12","date_gmt":"2018-07-20T11:23:12","guid":{"rendered":"http:\/\/www.refrat.de\/semtix\/wordpress\/?p=1335"},"modified":"2018-07-20T13:23:12","modified_gmt":"2018-07-20T11:23:12","slug":"khb-bescheide-und-antragsfrist","status":"publish","type":"post","link":"https:\/\/www.refrat.de\/semtix\/wordpress\/khb-bescheide-und-antragsfrist\/","title":{"rendered":"KHB Bescheide und Antragsfrist"},"content":{"rendered":"<p>Die Bescheide f\u00fcr das SommerSemester 2018 f\u00fcr die KHB sind in Arbeit und wir bem\u00fchen uns sie so schnell wie m\u00f6glich abzuschlie\u00dfen!<\/p>\n<p><strong>Bitte vergesst aber nicht, dass die neue Antragsfrist f\u00fcr das kommende WinterSemester 18\/19 bereits l\u00e4uft und Ende Juli endet!<\/strong><\/p>\n","protected":false},"excerpt":{"rendered":"<p>Die Bescheide f\u00fcr das SommerSemester 2018 f\u00fcr die KHB sind in Arbeit und wir bem\u00fchen uns sie so schnell wie m\u00f6glich abzuschlie\u00dfen! Bitte vergesst aber nicht, dass die neue Antragsfrist f\u00fcr das kommende WinterSemester 18\/19 bereits l\u00e4uft und Ende Juli &hellip; <a href=\"https:\/\/www.refrat.de\/semtix\/wordpress\/khb-bescheide-und-antragsfrist\/\">Weiterlesen <span class=\"meta-nav\">&rarr;<\/span><\/a><\/p>\n","protected":false},"author":2,"featured_media":0,"comment_status":"closed","ping_status":"closed","sticky":false,"template":"","format":"standard","meta":{"_lmt_disableupdate":"","_lmt_disable":"","footnotes":""},"categories":[1],"tags":[],"class_list":["post-1335","post","type-post","status-publish","format-standard","hentry","category-allgemein"],"modified_by":"semtix","_links":{"self":[{"href":"https:\/\/www.refrat.de\/semtix\/wordpress\/wp-json\/wp\/v2\/posts\/1335","targetHints":{"allow":["GET"]}}],"collection":[{"href":"https:\/\/www.refrat.de\/semtix\/wordpress\/wp-json\/wp\/v2\/posts"}],"about":[{"href":"https:\/\/www.refrat.de\/semtix\/wordpress\/wp-json\/wp\/v2\/types\/post"}],"author":[{"embeddable":true,"href":"https:\/\/www.refrat.de\/semtix\/wordpress\/wp-json\/wp\/v2\/users\/2"}],"replies":[{"embeddable":true,"href":"https:\/\/www.refrat.de\/semtix\/wordpress\/wp-json\/wp\/v2\/comments?post=1335"}],"version-history":[{"count":2,"href":"https:\/\/www.refrat.de\/semtix\/wordpress\/wp-json\/wp\/v2\/posts\/1335\/revisions"}],"predecessor-version":[{"id":1339,"href":"https:\/\/www.refrat.de\/semtix\/wordpress\/wp-json\/wp\/v2\/posts\/1335\/revisions\/1339"}],"wp:attachment":[{"href":"https:\/\/www.refrat.de\/semtix\/wordpress\/wp-json\/wp\/v2\/media?parent=1335"}],"wp:term":[{"taxonomy":"category","embeddable":true,"href":"https:\/\/www.refrat.de\/semtix\/wordpress\/wp-json\/wp\/v2\/categories?post=1335"},{"taxonomy":"post_tag","embeddable":true,"href":"https:\/\/www.refrat.de\/semtix\/wordpress\/wp-json\/wp\/v2\/tags?post=1335"}],"curies":[{"name":"wp","href":"https:\/\/api.w.org\/{rel}","templated":true}]}}