{"id":1332,"date":"2018-07-11T19:45:50","date_gmt":"2018-07-11T17:45:50","guid":{"rendered":"http:\/\/www.refrat.de\/semtix\/wordpress\/?p=1332"},"modified":"2018-07-11T19:45:50","modified_gmt":"2018-07-11T17:45:50","slug":"khb-bescheide-und-auszahlung","status":"publish","type":"post","link":"https:\/\/www.refrat.de\/semtix\/wordpress\/khb-bescheide-und-auszahlung\/","title":{"rendered":"KHB Bescheide und Auszahlung"},"content":{"rendered":"<p>Wegen eines derzeit extrem hohen Krankenstandes (drei Personen im B\u00fcro fallen gerade aus) k\u00f6nnen wir leider die Berechnung des SoSe18 derzeit nicht abschlie\u00dfen. Daher k\u00f6nnen wir auch noch keine Bescheide verschicken bzw. das Geld anweisen.<br \/>\nFalls ihr Probleme habt, die R\u00fcckmeldegeb\u00fchren aufzubringen, wendet euch bitte vor dem R\u00fcckmeldefristende (20.07.) telefonisch oder per Email an uns.<br \/>\nWir bem\u00fchen und derzeit mit den anderen Kollegen im B\u00fcro die Berechnung und Auszahlung in den n\u00e4chsten Wochen schnellstm\u00f6glich zu vervollst\u00e4ndigen.<\/p>\n","protected":false},"excerpt":{"rendered":"<p>Wegen eines derzeit extrem hohen Krankenstandes (drei Personen im B\u00fcro fallen gerade aus) k\u00f6nnen wir leider die Berechnung des SoSe18 derzeit nicht abschlie\u00dfen. Daher k\u00f6nnen wir auch noch keine Bescheide verschicken bzw. das Geld anweisen. Falls ihr Probleme habt, die &hellip; <a href=\"https:\/\/www.refrat.de\/semtix\/wordpress\/khb-bescheide-und-auszahlung\/\">Weiterlesen <span class=\"meta-nav\">&rarr;<\/span><\/a><\/p>\n","protected":false},"author":1,"featured_media":0,"comment_status":"closed","ping_status":"closed","sticky":false,"template":"","format":"standard","meta":{"_lmt_disableupdate":"","_lmt_disable":"","footnotes":""},"categories":[1],"tags":[],"class_list":["post-1332","post","type-post","status-publish","format-standard","hentry","category-allgemein"],"modified_by":"admin","_links":{"self":[{"href":"https:\/\/www.refrat.de\/semtix\/wordpress\/wp-json\/wp\/v2\/posts\/1332","targetHints":{"allow":["GET"]}}],"collection":[{"href":"https:\/\/www.refrat.de\/semtix\/wordpress\/wp-json\/wp\/v2\/posts"}],"about":[{"href":"https:\/\/www.refrat.de\/semtix\/wordpress\/wp-json\/wp\/v2\/types\/post"}],"author":[{"embeddable":true,"href":"https:\/\/www.refrat.de\/semtix\/wordpress\/wp-json\/wp\/v2\/users\/1"}],"replies":[{"embeddable":true,"href":"https:\/\/www.refrat.de\/semtix\/wordpress\/wp-json\/wp\/v2\/comments?post=1332"}],"version-history":[{"count":1,"href":"https:\/\/www.refrat.de\/semtix\/wordpress\/wp-json\/wp\/v2\/posts\/1332\/revisions"}],"predecessor-version":[{"id":1333,"href":"https:\/\/www.refrat.de\/semtix\/wordpress\/wp-json\/wp\/v2\/posts\/1332\/revisions\/1333"}],"wp:attachment":[{"href":"https:\/\/www.refrat.de\/semtix\/wordpress\/wp-json\/wp\/v2\/media?parent=1332"}],"wp:term":[{"taxonomy":"category","embeddable":true,"href":"https:\/\/www.refrat.de\/semtix\/wordpress\/wp-json\/wp\/v2\/categories?post=1332"},{"taxonomy":"post_tag","embeddable":true,"href":"https:\/\/www.refrat.de\/semtix\/wordpress\/wp-json\/wp\/v2\/tags?post=1332"}],"curies":[{"name":"wp","href":"https:\/\/api.w.org\/{rel}","templated":true}]}}