{"id":1447,"date":"2026-04-26T19:00:06","date_gmt":"2026-04-26T17:00:06","guid":{"rendered":"https:\/\/www.refrat.de\/huch\/?p=1447"},"modified":"2026-04-26T19:01:26","modified_gmt":"2026-04-26T17:01:26","slug":"festung-fuer-niemand-huch-99","status":"publish","type":"post","link":"https:\/\/www.refrat.de\/huch\/2026\/04\/festung-fuer-niemand-huch-99\/","title":{"rendered":"FESTUNG F\u00dcR NIEMAND &#8211; HUch #99"},"content":{"rendered":"\n<p>| Johanna Bogon |<\/p>\n\n\n\n<p><br><strong><em><mark style=\"background-color:rgba(0, 0, 0, 0);color:#001489\" class=\"has-inline-color\">W\u00e4hrend die einen am Mittelmeer in der Sonne baden, k\u00e4mpfen andere in den Wassermassen ums \u00dcberleben. Immer wieder gelingt es der mitteleurop\u00e4ischen \u00d6ffentlichkeit diese Realit\u00e4t auszublenden. Ungern wird sich mit den Versuchen der Europ\u00e4ischen Union besch\u00e4ftigt, die Migrationsrouten nach Europa abzuschneiden und damit Menschen dem Ertrinken auszuliefern. Johanna Bogon erinnert uns in ihrer lyrischen Musterung des Migrationsdiskurses an diese immerw\u00e4hrende Parallelit\u00e4t.<\/mark><\/em><\/strong><\/p>\n\n\n\n<p class=\"has-text-align-right\"><br><strong><mark style=\"background-color:rgba(0, 0, 0, 0);color:#001489\" class=\"has-inline-color\">TW: Auseinandersetzung mit Rassismus<\/mark><\/strong><\/p>\n\n\n\n<!--more-->\n\n\n\n<div class=\"wp-block-group is-vertical is-layout-flex wp-container-core-group-is-layout-8cf370e7 wp-block-group-is-layout-flex\">\n<p>Da stehen wir, glotzen.<\/p>\n\n\n\n<p>Urlaub am Meer oder so \u00e4hnlich, die Sicht klar bis bew\u00f6lkt und<\/p>\n\n\n\n<p>das Fenster mit Seeblick.<\/p>\n\n\n\n<p>Wir sehen die Wellen, wir rufen, guck doch mal.<\/p>\n\n\n\n<p>Wir gucken mal.<\/p>\n\n\n\n<p>Auf tosende Wellen und Schlauchboote und Menschen und<\/p>\n\n\n\n<p>aus Schlauchbooten fallende Menschen und Kinder an<\/p>\n\n\n\n<p>Grenzkontrollen und inhaftierte M\u00fctter oder wir schauen<\/p>\n\n\n\n<p>fernsehen, die Bilder bleiben.<\/p>\n<\/div>\n\n\n\n<p><\/p>\n\n\n\n<div class=\"wp-block-group is-vertical is-layout-flex wp-container-core-group-is-layout-8cf370e7 wp-block-group-is-layout-flex\">\n<p>Unser Flimmerkasten der Realit\u00e4t hei\u00dft, Deutschland wie ein<\/p>\n\n\n\n<p>schutzbed\u00fcrftiges Kind zu behandeln,<\/p>\n\n\n\n<p>in kalte T\u00fccher gewickelt, ein wenig hin und her wiegen.<\/p>\n\n\n\n<p>Unseren echten Kindern bringen wir Angst vor dem Schwarzen<\/p>\n\n\n\n<p>Mann bei, Angst vor dem falschen Pass \u2014<\/p>\n\n\n\n<p>und dann ja schnell genug weglaufen.<\/p>\n\n\n\n<p>P\u00e4sse als Brandmarken, als Fahrkarten, als Eintrittskarten in<\/p>\n\n\n\n<p>Privatvorstellungen.<\/p>\n\n\n\n<p>Wir haben die breitschultrigsten T\u00fcrsteher eingestellt,<\/p>\n\n\n\n<p>die wir finden konnten und jedem ein paar<\/p>\n\n\n\n<p>wolfsimschafspelzige Gesetze in die Hand gedr\u00fcckt, aber die<\/p>\n\n\n\n<p>Mode recycelt sich schon wieder. In 2025 braucht es keine<\/p>\n\n\n\n<p>Bl\u00e4tter vor den M\u00fcndern mehr,<\/p>\n\n\n\n<p>jetzt trendet gedruckte Selektion in Gesetzesentw\u00fcrfen.<\/p>\n\n\n\n<p>Hochgelegen hockt es sich herrlich unbeteiligt und man<\/p>\n\n\n\n<p>braucht nur wegzuschauen, schon versinken, ertrinken die<\/p>\n\n\n\n<p>Probleme in der Gischt.<\/p>\n\n\n\n<p>Oder man schaut eben hin, zu Frontex vielleicht, wie<\/p>\n\n\n\n<p>Expertise zu Exekutive wird und aus \u201eHarmonisierung des<\/p>\n\n\n\n<p>Grenzschutzes\u201c ein paar Wellen. Echte Wellen von echten<\/p>\n\n\n\n<p>Grenzschutzbooten, die durch ihr Eingreifen, Danebengreifen,<\/p>\n\n\n\n<p>Nichteingreifen, die menschenbeladenen Schl\u00e4uche zur\u00fcck<\/p>\n\n\n\n<p>nach Libyen sp\u00fclen. Die EU in t\u00f6dlicher Passivit\u00e4t,<\/p>\n\n\n\n<p>proaktive \u201ePolitik des Sterbenlassens\u201c,<\/p>\n\n\n\n<p>kalte Anonymit\u00e4t an kalten Mauern. Festung Europa, unsere<\/p>\n\n\n\n<p>Festung, unser Fort ? K\u00f6nnte man meinen.<\/p>\n<\/div>\n\n\n\n<p><\/p>\n\n\n\n<div class=\"wp-block-group is-vertical is-layout-flex wp-container-core-group-is-layout-8cf370e7 wp-block-group-is-layout-flex\">\n<p>Eine Begrifflichkeit auf Reisen, so unbeweglich ihre Semantik<\/p>\n\n\n\n<p>auch zu sein scheint.<\/p>\n\n\n\n<p>Einst synonymisch f\u00fcr Hitlers Atlantikwall im ersten Weltkrieg,<\/p>\n\n\n\n<p>gilt Festung Europa 1960 als sicherheitsversprechender Fels in<\/p>\n\n\n\n<p>der Brandung, Schutzversprechung gegen all die b\u00f6sartigen<\/p>\n\n\n\n<p>Eindringlinge. Kritische Konnotation dann sp\u00e4testens in den<\/p>\n\n\n\n<p>80ern, Wirtschaftsprotektionismus der EU. Schon bald ist die<\/p>\n\n\n\n<p>Fl\u00fcchtlingspolitikkritik un\u00fcberh\u00f6rbar, also schnell, schnell,<\/p>\n\n\n\n<p>schnell, Selbstbezeichnung Europas als \u201eMagnet\u201c auf 2002er<\/p>\n\n\n\n<p>Gipfeltreffen, rechtfertigend antwortend auf die mittlerweile<\/p>\n\n\n\n<p>diskursetablierte Bezeichnung einer Festung,<\/p>\n\n\n\n<p>man m\u00fcsse sich doch eben sch\u00fctzen.<\/p>\n<\/div>\n\n\n\n<p><\/p>\n\n\n\n<div class=\"wp-block-group is-vertical is-layout-flex wp-container-core-group-is-layout-8cf370e7 wp-block-group-is-layout-flex\">\n<p>Und unser Schiff l\u00e4uft ein, in den Hafen einer tragischen<\/p>\n\n\n\n<p>Logik: Migration mit erschwerten Migrationsbedingungen<\/p>\n\n\n\n<p>bek\u00e4mpfen. Abwimmeln, abschrecken, ab- und wegschieben<\/p>\n\n\n\n<p>versuchen.<\/p>\n\n\n\n<p>Das Motto irgendwo zwischen, aber die anderen machen das<\/p>\n\n\n\n<p>auch ! und, wenn man nirgends hinkann,<\/p>\n\n\n\n<p>wird nicht mehr gefl\u00fcchtet ( ?)<\/p>\n\n\n\n<p>Ach, lieber noch ein bisschen pushbacken, Fl\u00fcchtende und<\/p>\n\n\n\n<p>dann gleich das V\u00f6lkerrecht backpushen, immerhin ist<\/p>\n\n\n\n<p>\u201ePushback\u201c zum Unwort 2021 gek\u00fcrt.<\/p>\n\n\n\n<p>Und die \u201eirregul\u00e4re\u201c Migration, wird mit immer mehr<\/p>\n\n\n\n<p>Kriminalisierung bek\u00e4mpft, glasklar, genau wie wir doch<\/p>\n\n\n\n<p>einfach den G\u00f6rlitzer Park abschlie\u00dfen k\u00f6nnen,<\/p>\n\n\n\n<p>damit keine Drogen mehr verkauft werden.<\/p>\n\n\n\n<p>Also los, Asylrechtsreform mit nat\u00fcrlich ganz viel Schutz,<\/p>\n\n\n\n<p>Schutz, Schutz f\u00fcr unsere hilflos winselnden Au\u00dfengrenzen,<\/p>\n\n\n\n<p>haft\u00e4hnliche Bedingungen f\u00fcr Frauen, Kinder, alle \u2014<\/p>\n\n\n\n<p>in Auffanglagern, auf Asylentscheidung wartend.<\/p>\n\n\n\n<p>Europas Grenzen als Zuhause,<\/p>\n\n\n\n<p>idyllisch.<\/p>\n<\/div>\n\n\n\n<p><\/p>\n\n\n\n<div class=\"wp-block-group is-vertical is-layout-flex wp-container-core-group-is-layout-8cf370e7 wp-block-group-is-layout-flex\">\n<p>Was ist diese Festung Europa f\u00fcr wen ?<\/p>\n\n\n\n<p>Es erscheint schlichtweg paradox.<\/p>\n\n\n\n<p>Politisches Sinnbild vs. Illusion.<\/p>\n\n\n\n<p>Ein Luftschloss (Judith Kohlenberger) der Faschisten,<\/p>\n\n\n\n<p>ein Zeugnis entmenschlichender Politik f\u00fcr alle anderen.<\/p>\n\n\n\n<p>Mauern, die niemanden sch\u00fctzen.<\/p>\n\n\n\n<p>Noch halten sie langfristig auf \u2014<\/p>\n\n\n\n<p>selbst aus rechtspopulistischer,<\/p>\n\n\n\n<p>besorgt-b\u00fcrgerlicher Perspektive.<\/p>\n\n\n\n<p>Weniger illusorisch als sich Nationalpatriot_innen im<\/p>\n\n\n\n<p>Bundestag oder vor dem Fernseher vielleicht w\u00fcnschen m\u00f6gen,<\/p>\n\n\n\n<p>ist, dass Menschen fl\u00fcchten. Vor zusammenbrechenden<\/p>\n\n\n\n<p>H\u00e4usern und Heimaten, zusammengebrochener Wirtschaft,<\/p>\n\n\n\n<p>vor mit Menschlichkeit brechenden Verbrechen.<\/p>\n\n\n\n<p>Der Art. 1 GG k\u00f6nnte f\u00fcrs Klarwerden unserer<\/p>\n\n\n\n<p>Handlungsverantwortung sogar steckengelassen werden,<\/p>\n\n\n\n<p>m\u00fcsste er andernfalls aber auch nicht.<\/p>\n\n\n\n<p>So oder so sollte es v\u00f6llig ausreichen, dass sich um<\/p>\n\n\n\n<p>Perspektiven vollkommen Perspektivloser bem\u00fcht wird.<\/p>\n\n\n\n<p>K\u00f6nnte man meinen.<\/p>\n<\/div>\n\n\n\n<p><\/p>\n\n\n\n<div class=\"wp-block-group is-vertical is-layout-flex wp-container-core-group-is-layout-8cf370e7 wp-block-group-is-layout-flex\">\n<p>Raus ! Raus aus unserer Festung, raus aus dem<\/p>\n\n\n\n<p>diskursverlagernden Sprachgebilde, hin zur Brille \u2014 und am<\/p>\n\n\n\n<p>besten kein Fernglas \u2014 Richtung Fluchtursachenbek\u00e4mpfung.<\/p>\n\n\n\n<p>Richtung postkolonialer Verantwortung, hinterlassenen<\/p>\n\n\n\n<p>Furchen im Sudan, in Ruanda, in L\u00e4ndern ehemaliger CFA-<\/p>\n\n\n\n<p>Franc-Zone \u2014 v\u00f6lkische oder\/und \u00f6konomische Verh\u00e4ltnisse<\/p>\n\n\n\n<p>\u00fcber Bord schmei\u00dfen und jetzt Fl\u00fcchtende jener Folge ?<\/p>\n\n\n\n<p>Historisch tragischer Dominoeffekt oder so.<\/p>\n\n\n\n<p>Wir wackeln noch ein bisschen auf unseren internalisierten<\/p>\n\n\n\n<p>Doktrinen herum, die einst geographische Grenzen zogen und<\/p>\n\n\n\n<p>jetzt mit Naturgegebenheiten verwechselt werden \u2014<\/p>\n\n\n\n<p>man k\u00f6nnte die aufbrechen, irgendwann.<\/p>\n\n\n\n<p>Oder sich dessen bewusst werden, erstmal.<\/p>\n<\/div>\n\n\n\n<p><\/p>\n\n\n\n<div class=\"wp-block-group is-vertical is-layout-flex wp-container-core-group-is-layout-8cf370e7 wp-block-group-is-layout-flex\">\n<p>B\u00fcchner sagte, Krieg den Pal\u00e4sten und so weiter.<\/p>\n\n\n\n<p>Wir k\u00f6nnen uns schlecht selbst bekriegen,<\/p>\n\n\n\n<p>aber das schaurige Narrativ einer Festung bleibt ebenso<\/p>\n\n\n\n<p>wenig beherbergend f\u00fcr Heimatlose, Heimatverlierende,<\/p>\n\n\n\n<p>Gehenm\u00fcssende \u2014<\/p>\n\n\n\n<p>Weiterkommen, doch am besten nicht weiter,<\/p>\n\n\n\n<p>sondern entgegengesetzt.<\/p>\n\n\n\n<p>Die Ampel ist dunkelorange und Wurzelbehandlungen sind<\/p>\n\n\n\n<p>schmerzhaft, aber unumg\u00e4nglich.<\/p>\n\n\n\n<p>Und da werden immer irgendwelche stehenbleiben und<\/p>\n\n\n\n<p>glotzen oder vielleicht von Sylt aus her\u00fcberrufen \u2014<\/p>\n\n\n\n<p>aber lange ist das Schauspiel der Grausamkeit nicht zu<\/p>\n\n\n\n<p>verstecken, vollgelaufene Schlauchboote schaffen im<\/p>\n\n\n\n<p>Gegensatz zur europ\u00e4ischen Migrationspolitik<\/p>\n\n\n\n<p>keine Kurswechsel.<\/p>\n\n\n\n<p>Nicht verstummen.<\/p>\n\n\n\n<p>Und wir \u2014<\/p>\n\n\n\n<p>das sind alle und wieder keiner und am Ende nur die da oben,<\/p>\n\n\n\n<p>ich wei\u00df.<\/p>\n\n\n\n<p>Das drehe doch ein jeder f\u00fcr sich.<\/p>\n\n\n\n<p>wie fluchtaufhaltend, fluchtverhindernd, europasch\u00fctzend<\/p>\n\n\n\n<p>f\u00fcr Populisten aller Art.<\/p>\n\n\n\n<p>Die Z\u00fcndschn\u00fcre der Neologismen im Auge behalten;<\/p>\n\n\n\n<p>Fl\u00fcchtlings-welle, ein Naturschauspielgef\u00fchl,<\/p>\n\n\n\n<p>gravierend salopp entmenschlicht.<\/p>\n\n\n\n<p>Vorsicht, Vorsicht, vor dem viel zu gro\u00dfen Knall in l\u00e4ngst<\/p>\n\n\n\n<p>z\u00fcndelnden Debatten, unverh\u00e4ltnism\u00e4\u00dfig laut<\/p>\n\n\n\n<p>und verheerend kontraproduktiv.<\/p>\n\n\n\n<p>Verheerend f\u00fcr echte Menschen an echten Grenzen.<\/p>\n\n\n\n<p>Sprache hat Macht,<\/p>\n\n\n\n<p>Sprache baut nicht nur Br\u00fccken, sie baut Mauern.<\/p>\n\n\n\n<p>In den K\u00f6pfen und dann um Europa.<\/p>\n<\/div>\n\n\n\n<p><\/p>\n\n\n\n<div class=\"wp-block-group is-vertical is-layout-flex wp-container-core-group-is-layout-8cf370e7 wp-block-group-is-layout-flex\">\n<p>Und im Whirlpool, zwischen sich nach rechts blubbernden<\/p>\n\n\n\n<p>Christdemokraten und freundlichen Vorstellungsrunden<\/p>\n\n\n\n<p>von Alice Weidel im \u00d6ffentlich-Rechtlichen,<\/p>\n\n\n\n<p>vernebelt die Sicht vielleicht benebelnd leicht.<\/p>\n\n\n\n<p>Umgang mit Gefl\u00fcchteten \u2014<\/p>\n\n\n\n<p>realit\u00e4tsbezogen oder \u00fcberhaupt \u2014<\/p>\n\n\n\n<p>wird zur Entscheidung,<\/p>\n\n\n\n<p>der man zustimmen k\u00f6nne \u2014<\/p>\n\n\n\n<p>oder eben nicht.<\/p>\n\n\n\n<p>Opfergabe schlichtweg feiger Wahlkampfprostitution.<\/p>\n\n\n\n<p>Da schwimmen Menschen im Meer.<\/p>\n\n\n\n<p>Kein Humankapital, kein \u201edie Fl\u00fcchtlinge\u201c, keine Nummern.<\/p>\n\n\n\n<p>Aus bewachten T\u00fcren k\u00f6nnte man so leicht D\u00e4cher bauen.<\/p>\n\n\n\n<p>Weiterkommen, doch am besten nicht weiter,<\/p>\n\n\n\n<p>sondern entgegengesetzt.<\/p>\n\n\n\n<p>Die Ampel ist dunkelorange und Wurzelbehandlungen sind<\/p>\n\n\n\n<p>schmerzhaft, aber unumg\u00e4nglich.<\/p>\n\n\n\n<p>Und da werden immer irgendwelche stehenbleiben und<\/p>\n\n\n\n<p>glotzen oder vielleicht von Sylt aus her\u00fcberrufen \u2014<\/p>\n\n\n\n<p>aber lange ist das Schauspiel der Grausamkeit nicht zu<\/p>\n\n\n\n<p>verstecken, vollgelaufene Schlauchboote schaffen im<\/p>\n\n\n\n<p>Gegensatz zur europ\u00e4ischen Migrationspolitik<\/p>\n\n\n\n<p>keine Kurswechsel.<\/p>\n<\/div>\n\n\n\n<p><\/p>\n\n\n\n<div class=\"wp-block-group is-vertical is-layout-flex wp-container-core-group-is-layout-8cf370e7 wp-block-group-is-layout-flex\">\n<p>Nicht verstummen.<\/p>\n\n\n\n<p>Und wir \u2014<\/p>\n\n\n\n<p>das sind alle und wieder keiner und am Ende nur die da oben,<\/p>\n\n\n\n<p>ich wei\u00df.<\/p>\n\n\n\n<p>Das drehe doch ein jeder f\u00fcr sich.<\/p>\n<\/div>\n\n\n\n<figure class=\"wp-block-image size-full\"><img loading=\"lazy\" decoding=\"async\" width=\"1022\" height=\"892\" src=\"https:\/\/www.refrat.de\/huch\/wp-content\/uploads\/2026\/04\/Huch-Illustrationen31_festung.gimp_.jpg\" alt=\"\" class=\"wp-image-1492\" srcset=\"https:\/\/www.refrat.de\/huch\/wp-content\/uploads\/2026\/04\/Huch-Illustrationen31_festung.gimp_.jpg 1022w, https:\/\/www.refrat.de\/huch\/wp-content\/uploads\/2026\/04\/Huch-Illustrationen31_festung.gimp_-300x262.jpg 300w, https:\/\/www.refrat.de\/huch\/wp-content\/uploads\/2026\/04\/Huch-Illustrationen31_festung.gimp_-768x670.jpg 768w, https:\/\/www.refrat.de\/huch\/wp-content\/uploads\/2026\/04\/Huch-Illustrationen31_festung.gimp_-24x21.jpg 24w, https:\/\/www.refrat.de\/huch\/wp-content\/uploads\/2026\/04\/Huch-Illustrationen31_festung.gimp_-36x31.jpg 36w, https:\/\/www.refrat.de\/huch\/wp-content\/uploads\/2026\/04\/Huch-Illustrationen31_festung.gimp_-48x42.jpg 48w\" sizes=\"auto, (max-width: 706px) 89vw, (max-width: 767px) 82vw, 740px\" \/><\/figure>\n","protected":false},"excerpt":{"rendered":"<p>| Johanna Bogon | W\u00e4hrend die einen am Mittelmeer in der Sonne baden, k\u00e4mpfen andere in den Wassermassen ums \u00dcberleben. Immer wieder gelingt es der mitteleurop\u00e4ischen \u00d6ffentlichkeit diese Realit\u00e4t auszublenden. Ungern wird sich mit den Versuchen der Europ\u00e4ischen Union besch\u00e4ftigt, die Migrationsrouten nach Europa abzuschneiden und damit Menschen dem Ertrinken auszuliefern. Johanna Bogon erinnert uns &hellip; <\/p>\n<p class=\"link-more\"><a href=\"https:\/\/www.refrat.de\/huch\/2026\/04\/festung-fuer-niemand-huch-99\/\" class=\"more-link\"><span class=\"screen-reader-text\">\u201eFESTUNG F\u00dcR NIEMAND &#8211; HUch #99\u201c <\/span>weiterlesen<\/a><\/p>\n","protected":false},"author":1,"featured_media":0,"comment_status":"closed","ping_status":"open","sticky":false,"template":"","format":"standard","meta":{"footnotes":""},"categories":[1],"tags":[],"class_list":["post-1447","post","type-post","status-publish","format-standard","hentry","category-allgemein"],"_links":{"self":[{"href":"https:\/\/www.refrat.de\/huch\/wp-json\/wp\/v2\/posts\/1447","targetHints":{"allow":["GET"]}}],"collection":[{"href":"https:\/\/www.refrat.de\/huch\/wp-json\/wp\/v2\/posts"}],"about":[{"href":"https:\/\/www.refrat.de\/huch\/wp-json\/wp\/v2\/types\/post"}],"author":[{"embeddable":true,"href":"https:\/\/www.refrat.de\/huch\/wp-json\/wp\/v2\/users\/1"}],"replies":[{"embeddable":true,"href":"https:\/\/www.refrat.de\/huch\/wp-json\/wp\/v2\/comments?post=1447"}],"version-history":[{"count":3,"href":"https:\/\/www.refrat.de\/huch\/wp-json\/wp\/v2\/posts\/1447\/revisions"}],"predecessor-version":[{"id":1494,"href":"https:\/\/www.refrat.de\/huch\/wp-json\/wp\/v2\/posts\/1447\/revisions\/1494"}],"wp:attachment":[{"href":"https:\/\/www.refrat.de\/huch\/wp-json\/wp\/v2\/media?parent=1447"}],"wp:term":[{"taxonomy":"category","embeddable":true,"href":"https:\/\/www.refrat.de\/huch\/wp-json\/wp\/v2\/categories?post=1447"},{"taxonomy":"post_tag","embeddable":true,"href":"https:\/\/www.refrat.de\/huch\/wp-json\/wp\/v2\/tags?post=1447"}],"curies":[{"name":"wp","href":"https:\/\/api.w.org\/{rel}","templated":true}]}}