{"id":1153,"date":"2023-09-01T15:49:23","date_gmt":"2023-09-01T13:49:23","guid":{"rendered":"https:\/\/www.refrat.de\/huch\/?p=1153"},"modified":"2023-09-01T15:49:24","modified_gmt":"2023-09-01T13:49:24","slug":"was-macht-eigentlich-das-lust-referat-huch96","status":"publish","type":"post","link":"https:\/\/www.refrat.de\/huch\/2023\/09\/was-macht-eigentlich-das-lust-referat-huch96\/","title":{"rendered":"Was macht eigentlich \u2026 Das LuSt-Referat? &#8211; HUch#96"},"content":{"rendered":"\n<p>| von Ali &amp; Benni |<\/p>\n\n\n\n<!--more-->\n\n\n<div class=\"wp-block-image\">\n<figure class=\"alignright size-large is-resized\"><img loading=\"lazy\" decoding=\"async\" src=\"https:\/\/www.refrat.de\/huch\/wp-content\/uploads\/2023\/09\/huch-96-Illustration21_LUST-1024x784.jpg\" alt=\"\" class=\"wp-image-1154\" width=\"521\" height=\"398\" srcset=\"https:\/\/www.refrat.de\/huch\/wp-content\/uploads\/2023\/09\/huch-96-Illustration21_LUST-1024x784.jpg 1024w, https:\/\/www.refrat.de\/huch\/wp-content\/uploads\/2023\/09\/huch-96-Illustration21_LUST-300x230.jpg 300w, https:\/\/www.refrat.de\/huch\/wp-content\/uploads\/2023\/09\/huch-96-Illustration21_LUST-768x588.jpg 768w, https:\/\/www.refrat.de\/huch\/wp-content\/uploads\/2023\/09\/huch-96-Illustration21_LUST-24x18.jpg 24w, https:\/\/www.refrat.de\/huch\/wp-content\/uploads\/2023\/09\/huch-96-Illustration21_LUST-36x28.jpg 36w, https:\/\/www.refrat.de\/huch\/wp-content\/uploads\/2023\/09\/huch-96-Illustration21_LUST-48x37.jpg 48w, https:\/\/www.refrat.de\/huch\/wp-content\/uploads\/2023\/09\/huch-96-Illustration21_LUST.jpg 1193w\" sizes=\"auto, (max-width: 521px) 100vw, 521px\" \/><figcaption class=\"wp-element-caption\"><em>Bild: frieedland<\/em><\/figcaption><\/figure>\n<\/div>\n\n\n<p>Jeden Mittwoch sitzen wir in einem Beratungsraum im Referent_innenrat und h\u00f6ren Studierenden zu, die unsere Sprechstunde zu Lehre und Studium besuchen. Sie haben Probleme mit ihren Dozierenden, bekommen Leistungen nicht angerechnet, erhalten keine Nachteilsausgleiche, die Ihnen eigentlich zustehen, oder stehen davor, Probleme mit ihrem Aufenthaltstitel zu bekommen, weil die Uni ihren Studienabschluss verschleppt.<\/p>\n\n\n\n<p>In manchen F\u00e4llen k\u00f6nnen wir schneller helfen als in anderen, die meisten Probleme h\u00f6ren wir nicht zum ersten Mal. Durchs Studium zu gehen, ohne jemals Auseinandersetzungen mit der Verwaltung oder Dozent_innen zu haben, ist ein unwahrscheinliches Gl\u00fcck. Umso bedenklicher ist, wie begrenzt Student_innen \u00fcber ihre Rechte im Studium aufgekl\u00e4rt werden.<\/p>\n\n\n\n<p>Um zumindest dar\u00fcber zu informieren,<em> wobei<\/em> Studierenden geholfen werden kann, berichten wir, die seit November 2022 gew\u00e4hlten Referent_innen f\u00fcr Lehre und Studium, aus unserem Referatsalltag. Das LuSt-Referat ist eins von f\u00fcnf Kernreferaten, das die laufenden Gesch\u00e4fte der Verfassten Studierendenschaft im Referent_innenrat \u00fcbernimmt. Wir beraten Student_innen (der HU) zu allem, was mit Lehre, Pr\u00fcfungen, Anrechnungen und der allgemeinen Praxis des Studierens zu tun hat. Dar\u00fcber hinaus vertreten wir die Interessen der Studierendenschaft gegen\u00fcber der Universit\u00e4tsleitung- und verwaltung. Daf\u00fcr sitzen wir unter anderem als studentische Vertreter_innen in der Kommission f\u00fcr Lehre und Studium (LSK) der akademischen Selbstverwaltung. In der LSK landen alle Studien- und Pr\u00fcfungsordnungen, bevor Sie in Kraft treten, und so ist sie ein guter und wichtiger Rahmen, um studierendenfeindliche Regelungen aufzuzeigen, anzuprangern und (mit etwas Gl\u00fcck) auch zu verhindern. Dazu geh\u00f6rt z.B. eine stetig steigende Pr\u00fcfungslast, die Reduzierung von Wahlanteilen im Studium und die Festschreibung von Qualifikationen f\u00fcr die Belegung von Modulen, die eine selbstbestimmte Gestaltung und Gliederung des Studiums verhindern.<\/p>\n\n\n\n<p>Um die Interessen der von einzelnen StuPOs (Studien- und Pr\u00fcfungsordnungen) betroffenen Studierenden m\u00f6glichst gut vertreten zu k\u00f6nnen, geh\u00f6rt zu unserer Gremienarbeit auch ein reger Austausch mit den Fachschaften, die oft selbst die Entstehung ihrer StuPOs schon auf der Institutsebene begleitet haben. In letzter Zeit haben wir es auch immer \u00f6fter einzelnen Fachschaften zu verdanken, dass Studierende den Weg zu uns in die Beratung finden.<\/p>\n\n\n\n<p>Einmal im Semester kommt zu unserem Tagesgesch\u00e4ft noch eine (in der Regel) sehr zeitintensive T\u00e4tigkeit auf unserer To-Do Liste dazu: Die Einklageberatung. Wir beraten n\u00e4mlich nicht nur HU-Studis, sondern auch diejenigen, die es noch werden wollen. Zum vergangenen Wintersemester konnten wir mit Unterst\u00fctzung von unserer anwaltlichen Beratung (und Vertretung) nahezu allen Studierenden, die bereit waren, f\u00fcr ihren Studienplatz den gerichtlichen Weg zu gehen, eine Immatrikulation erk\u00e4mpfen. Dass dieses aufw\u00e4ndige und vor allem f\u00fcr die Studienbewerber_innen sehr kostenintensive Verfahren weiter n\u00f6tig bleibt, ist ein Skandal, gegen den wir auch hochschulpolitisch ank\u00e4mpfen. Aber solange ein Studienplatz an der HU weiterhin f\u00fcr 1.500\u20ac k\u00e4uflich bleibt, wird auch unsere Einklageberatung dieses Jahr wieder anlaufen.<\/p>\n\n\n\n<p>Gelegentlich sto\u00dfen wir in unserer beratenden T\u00e4tigkeit an die Grenzen unserer Handlungsm\u00f6glichkeiten, wenn eine rechtswidrige Verwaltungspraxis an der Uni so eingefleischt ist, dass Sie sich durch den blo\u00dfen Hinweis darauf nicht \u00e4ndern l\u00e4sst. In solchen F\u00e4llen, in denen grundlegende Fragen eines selbstbestimmten Studiums exemplarisch verhandelt werden, unterst\u00fctzen wir Studierende dabei, ihre Rechte vor Gericht durchzusetzen. Sogenannte Musterklageverfahren erm\u00f6glichen es, verwaltungsrechtlich einen Sachverhalt einmal zu kl\u00e4ren und dieses Urteil dann auch f\u00fcr andere, von demselben Problem Betroffene, nutzbar zu machen. Auf diesem Weg haben wir zusammen mit unserer anwaltlichen Vertretung schon einige Rechtsfragen zugunsten der Student_innen kl\u00e4ren k\u00f6nnen.<\/p>\n\n\n\n<p>In der Vergangenheit hat das Referat f\u00fcr Lehre und Studium erfolgreich die Abschaffung von Anwesenheitskontrollen in Lehrveranstaltungen, sowie die Einf\u00fchrung eines weiteren Pr\u00fcfungsversuchs erk\u00e4mpft. Beides sind Errungenschaften, die wir zusammen mit betroffenen Studierenden immer wieder gegen uneinsichtige Dozent_innen und Pr\u00fcfungsb\u00fcros durchsetzen. Im Rahmen der Neufassung des Berliner Hochschulgesetzes konnten wir viele Verbesserungen einbringen und im Zuge der Pandemie viele kurzfristige Entlastungen f\u00fcr Studierende erstreiten, die mit dem Ende jeglicher Pandemiema\u00dfnahmen leider wieder zur\u00fcckgenommen wurden. Und das, obwohl die finanzielle und soziale Lage f\u00fcr viele Student_innen seit den (intensiven) Coronajahren nicht entspannter geworden ist.<\/p>\n\n\n\n<p>Leider erfahren Student_innen oft erst von unserer Beratung, wenn es in ihren F\u00e4llen schon fast zu sp\u00e4t ist. Wenn ihr also Kommiliton_innen kennt, die Hilfe ben\u00f6tigen oder selbst Unterst\u00fctzung braucht, wendet euch an uns! Wir helfen gerne, je fr\u00fcher desto besser.<\/p>\n\n\n\n<p>Wir sind erreichbar unter lust@refrat.hu-berlin.de, auf Twitter unter @LuSt_Referat und in unseren Sprechzeiten, die ihr auf der Website des RefRats findet.<\/p>\n","protected":false},"excerpt":{"rendered":"<p>| von Ali &amp; Benni |<\/p>\n","protected":false},"author":1,"featured_media":0,"comment_status":"closed","ping_status":"open","sticky":false,"template":"","format":"standard","meta":{"footnotes":""},"categories":[1],"tags":[],"class_list":["post-1153","post","type-post","status-publish","format-standard","hentry","category-allgemein"],"_links":{"self":[{"href":"https:\/\/www.refrat.de\/huch\/wp-json\/wp\/v2\/posts\/1153","targetHints":{"allow":["GET"]}}],"collection":[{"href":"https:\/\/www.refrat.de\/huch\/wp-json\/wp\/v2\/posts"}],"about":[{"href":"https:\/\/www.refrat.de\/huch\/wp-json\/wp\/v2\/types\/post"}],"author":[{"embeddable":true,"href":"https:\/\/www.refrat.de\/huch\/wp-json\/wp\/v2\/users\/1"}],"replies":[{"embeddable":true,"href":"https:\/\/www.refrat.de\/huch\/wp-json\/wp\/v2\/comments?post=1153"}],"version-history":[{"count":2,"href":"https:\/\/www.refrat.de\/huch\/wp-json\/wp\/v2\/posts\/1153\/revisions"}],"predecessor-version":[{"id":1156,"href":"https:\/\/www.refrat.de\/huch\/wp-json\/wp\/v2\/posts\/1153\/revisions\/1156"}],"wp:attachment":[{"href":"https:\/\/www.refrat.de\/huch\/wp-json\/wp\/v2\/media?parent=1153"}],"wp:term":[{"taxonomy":"category","embeddable":true,"href":"https:\/\/www.refrat.de\/huch\/wp-json\/wp\/v2\/categories?post=1153"},{"taxonomy":"post_tag","embeddable":true,"href":"https:\/\/www.refrat.de\/huch\/wp-json\/wp\/v2\/tags?post=1153"}],"curies":[{"name":"wp","href":"https:\/\/api.w.org\/{rel}","templated":true}]}}