{"id":1110,"date":"2023-05-08T12:37:11","date_gmt":"2023-05-08T10:37:11","guid":{"rendered":"https:\/\/www.refrat.de\/huch\/?p=1110"},"modified":"2023-05-08T12:37:11","modified_gmt":"2023-05-08T10:37:11","slug":"was-sich-kunst-und-wissenschaft-zu-sagen-haben-ein-beziehungstalk-huch95","status":"publish","type":"post","link":"https:\/\/www.refrat.de\/huch\/2023\/05\/was-sich-kunst-und-wissenschaft-zu-sagen-haben-ein-beziehungstalk-huch95\/","title":{"rendered":"Was sich Kunst und Wissenschaft zu sagen haben \u2013 Ein Beziehungstalk \u2013 HUch#95"},"content":{"rendered":"\n<p>| von Sophie Helena H\u00fcbner |<\/p>\n\n\n\n<p>K. und W. lernten sich vor einiger Zeit \u00fcber einen gemeinsamen Freund kennen, Leonardo. Er war gut darin sie zusammenzubringen. Sie wurden ein Liebespaar. Nach mehreren Krisen trennten sie sich f\u00fcr eine lange Zeit. Sie hatten wenige gemeinsame Freund_innen. Zwar gab es solche, die ihnen in Ihrer Kombination einiges abgewinnen konnten, doch die meisten sahen sie lieber getrennt.<\/p>\n\n\n\n<p>Bis vor ein paar Jahren. Die heutige Beziehung von K. und W. ist von diesem Au\u00dfen sehr gepr\u00e4gt und immer noch konfliktreich, trotzdem erlebt ihre Beziehung gerade einen erneuten Aufschwung.<\/p>\n\n\n\n<!--more-->\n\n\n<div class=\"wp-block-image\">\n<figure class=\"alignright size-large is-resized\"><img loading=\"lazy\" decoding=\"async\" src=\"https:\/\/www.refrat.de\/huch\/wp-content\/uploads\/2023\/05\/huch-95-Bilder-Ranja29_SOPHIE-945x1024.jpg\" alt=\"\" class=\"wp-image-1111\" width=\"458\" height=\"496\" srcset=\"https:\/\/www.refrat.de\/huch\/wp-content\/uploads\/2023\/05\/huch-95-Bilder-Ranja29_SOPHIE-945x1024.jpg 945w, https:\/\/www.refrat.de\/huch\/wp-content\/uploads\/2023\/05\/huch-95-Bilder-Ranja29_SOPHIE-277x300.jpg 277w, https:\/\/www.refrat.de\/huch\/wp-content\/uploads\/2023\/05\/huch-95-Bilder-Ranja29_SOPHIE-768x832.jpg 768w, https:\/\/www.refrat.de\/huch\/wp-content\/uploads\/2023\/05\/huch-95-Bilder-Ranja29_SOPHIE-22x24.jpg 22w, https:\/\/www.refrat.de\/huch\/wp-content\/uploads\/2023\/05\/huch-95-Bilder-Ranja29_SOPHIE-33x36.jpg 33w, https:\/\/www.refrat.de\/huch\/wp-content\/uploads\/2023\/05\/huch-95-Bilder-Ranja29_SOPHIE-44x48.jpg 44w, https:\/\/www.refrat.de\/huch\/wp-content\/uploads\/2023\/05\/huch-95-Bilder-Ranja29_SOPHIE.jpg 1336w\" sizes=\"auto, (max-width: 458px) 100vw, 458px\" \/><figcaption><em>Bild: Ranja Assalhi<\/em><\/figcaption><\/figure>\n<\/div>\n\n\n<p>\u2013Hey. Also, du wolltest reden?<\/p>\n\n\n\n<p class=\"has-text-align-right\">Ja, vielleicht w\u00e4re es mal wieder an der Zeit. Denkst du nicht?<strong> \u2013<\/strong><\/p>\n\n\n\n<p>\u2013Ich liebe es Verh\u00e4ltnisse zu kl\u00e4ren, das wei\u00dft du doch.<\/p>\n\n\n\n<p class=\"has-text-align-right\">Okay. Also ich bin noch etwas unsicher.<strong>\u2013<\/strong><\/p>\n\n\n\n<p>\u2013Unsicher womit?<\/p>\n\n\n\n<p class=\"has-text-align-right\">Was das Richtige ist.<strong>\u2013<\/strong><\/p>\n\n\n\n<p>\u2013Aha. Also\u2026 Dann\u2026 Kannst du es nicht irgendwie ableiten?<\/p>\n\n\n\n<p class=\"has-text-align-right\">Nein. Es ist komplizierter.<strong>\u2013<\/strong><\/p>\n\n\n\n<p>\u2013Diese Ambivalenz und Vieldeutigkeit\u2026 ich liebe und hasse es. Eins und eins macht zwei. So schwer kann\u2019s doch nicht sein. Komm schon.<\/p>\n\n\n\n<p class=\"has-text-align-right\">H\u00f6r auf zu dr\u00e4ngeln. Das stresst mich. Es ist einfach nicht so eindeutig f\u00fcr mich.<strong>\u2013<\/strong><\/p>\n\n\n\n<p>\u2013Okay. Was braucht es, damit es eindeutiger wird? Ich k\u00f6nnte dir ein paar Fakten nennen\u2026<\/p>\n\n\n\n<p class=\"has-text-align-right\">Es geht mir aber nicht um Fakten.<strong>\u2013<\/strong><\/p>\n\n\n\n<p>\u2013Worum dann?<\/p>\n\n\n\n<p class=\"has-text-align-right\">\u2026 Ich f\u00fchl\u2019s halt einfach grad nicht.<strong>\u2013<\/strong><\/p>\n\n\n\n<p>\u2013Du f\u00fchlst es grad nicht?!<\/p>\n\n\n\n<p class=\"has-text-align-right\">Ja. Also\u2026 mir fehlt ein bisschen Romantik. Nur so finde ich den urspr\u00fcnglichen Sinn wieder\u2026<sup><a href=\"#sdfootnote1sym\" id=\"sdfootnote1anc\"><sup>1<\/sup><\/a><\/sup><strong>\u2013<\/strong><\/p>\n\n\n\n<p>\u2013What?! Moment mal, das ist jetzt aber ein bisschen sehr \u00fcberzogen die Kritik. Das ist total irrational, mystifizierend, fast ideologisch\u2026<\/p>\n\n\n\n<p class=\"has-text-align-right\">Ja ok. Du hast recht, ganz so krass meinte ich es nicht. Mit der Romantik\u2026 das ist nicht mehr ganz so aktuell eigentlich\u2026<strong>\u2013<\/strong><\/p>\n\n\n\n<p>\u2013Ja, glaube auch\u2026 Also, aber was braucht es f\u00fcr dich damit du es \u201af\u00fchlst\u2018? Au\u00dfer der Romantik\u2026<\/p>\n\n\n\n<p class=\"has-text-align-right\">Ich wei\u00df nicht. Dass du mich ernst nimmst vielleicht?<strong> \u2013<\/strong><\/p>\n\n\n\n<p>\u2013Ich nehme dich ernst. Du gibst mir total viel, du inspirierst mich und zeigst mir neue Blickwinkel und Sichtweisen. Ich will das alles nicht missen! Aber manchmal fehlt mir eine gewisse Rationalit\u00e4t in unserem Austausch. Du sprichst so oft von individuellen Bed\u00fcrfnissen und \u00e4sthetischen Erfahrungen und bringst dann so viele unberechenbare Komponenten ein, die sich nur um dich drehen.<\/p>\n\n\n\n<p class=\"has-text-align-right\">Ah ja genau, du willst mal wieder alles berechnen k\u00f6nnen. Sorry, aber ich habe halt noch keine Daten daf\u00fcr. Es ist eben nicht immer alles so erkl\u00e4rbar wie du dir das vorstellst.<strong>\u2013<\/strong><\/p>\n\n\n\n<p>\u2013Ich stelle mir nichts vor, ich forsche und \u2026 wei\u00df es dann.<\/p>\n\n\n\n<p class=\"has-text-align-right\">Ich forsche auch!<strong> \u2013<\/strong><\/p>\n\n\n\n<p>\u2013Und f\u00fchlst es dann?!<\/p>\n\n\n\n<p class=\"has-text-align-right\">Ja manchmal. Manchmal f\u00fchle ich auch nicht so viel, sondern wei\u00df es dann danach einfach. Dann sind Dinge f\u00fcr mich logisch.<strong>\u2013<\/strong><\/p>\n\n\n\n<p>\u2013Aha und wodurch? Woher \u201awei\u00dft\u2018 du es dann danach?<\/p>\n\n\n\n<p class=\"has-text-align-right\">Weil ich es erlebe. Es wahrnehme. Es f\u00fchle. Im Moment. Das schafft Erkenntnis, verstehst du?<strong>\u2013<\/strong><\/p>\n\n\n\n<p>\u2013Uff. Jetzt wird\u2019s mal wieder philosophisch, an dem Punkt waren wir so oft. Aber ja \u2026 vielleicht verstehe ich dich auch ein bisschen. Ich versuche es zumindest.<\/p>\n\n\n\n<p class=\"has-text-align-right\">Woher wei\u00dft du es denn?<strong>\u2013<\/strong><\/p>\n\n\n\n<p class=\"has-text-align-left\">\u2013Weil ich es beweisen kann.<\/p>\n\n\n\n<p class=\"has-text-align-right\">Womit?<strong>\u2013<\/strong><\/p>\n\n\n\n<p>\u2013Objektiv nachvollziehbaren Ergebnissen.<\/p>\n\n\n\n<p class=\"has-text-align-right\">Aha. Aber was f\u00fchlst du?<strong>\u2013<\/strong><\/p>\n\n\n\n<p>\u2013\u2026 \u00dcber uns? Oder generell? Ach, grad ist alles recht anstrengend. Einen Druck sch\u00e4tze ich, von au\u00dfen. St\u00e4ndig mehr und genaueres zu wissen.<\/p>\n\n\n\n<p class=\"has-text-align-right\">Ah. Mh. Ich finde es auch oft anstrengend. Dann, wenn ich zum Beispiel schon wieder meine Daseinsberechtigung behaupten muss.<strong>\u2013<\/strong><\/p>\n\n\n\n<p>\u2013Oh je. Das klingt furchtbar. Tut mir leid. Dabei bist du die treibende Kraft f\u00fcr so vieles, gesellschaftliche Innovation zum Beispiel.<sup><a href=\"#sdfootnote2sym\" id=\"sdfootnote2anc\"><sup>2<\/sup><\/a><\/sup> Gut f\u00fcr die Wirtschaft auch\u2026<\/p>\n\n\n\n<p class=\"has-text-align-right\">Machst du dich grad \u00fcber mich lustig?<strong>\u2013<\/strong><\/p>\n\n\n\n<p>\u2013Ein bisschen vielleicht. Es fehlt dir zumindest immer noch h\u00e4ufig an den n\u00f6tigen Beweisen, um ernst genommen zu werden und dein \u201eForm und Inhalt\u201c-Ding<sup><a href=\"#sdfootnote3sym\" id=\"sdfootnote3anc\"><sup>3<\/sup><\/a><\/sup> zieht einfach langsam nicht mehr.<\/p>\n\n\n\n<p class=\"has-text-align-right\">Hallo, nicht vorhandene Gleichberechtigung also\u2026 Boah manchmal macht mich dein Bewertungssystem so w\u00fctend. Dann denke ich, du verstehst mich einfach nicht und ich verstehe nicht, wie du auf mich blickst. Dann f\u00fchle ich mich von dir nur ausgesaugt und missverstanden und ich denke: wie zwei Kulturen, die ein riesiger Ozean trennt!<sup><a href=\"#sdfootnote4sym\" id=\"sdfootnote4anc\"><sup>4<\/sup><\/a><\/sup> Und dann denke ich an 2014 in Wolfsburg \u201eArts and Science in Motion\u201c<sup><a href=\"#sdfootnote5sym\" id=\"sdfootnote5anc\"><sup>5<\/sup><\/a><\/sup>, wei\u00dft du noch? Wir sind mittlerweile halt auch so romantisch verwoben.<strong>\u2013<\/strong><\/p>\n\n\n\n<p>\u2013Das stimmt, das war cool. Aber wir ticken halt immer noch sehr unterschiedlich, das wird sich wohl nie \u00e4ndern. Ist das jetzt ein <em>brake up<\/em>?<\/p>\n\n\n\n<p class=\"has-text-align-right\">Nein. Ich glaube eher\u2026 vielleicht m\u00fcssen wir mal was anderes ausprobieren.<strong>\u2013<\/strong><\/p>\n\n\n\n<p>\u2013Schon wieder? Du bist manchmal so schnell. An was denkst du?<\/p>\n\n\n\n<p class=\"has-text-align-right\">Ich glaube, <em>wie<\/em> wir zusammen sein wollen, sollte wichtiger werden f\u00fcr unsere Verbindung als das, was wir hoffen, herauszubekommen. Mehr geleiteter Rechercheprozess sozusagen. Das Spannungsfeld erkunden zwischen der unm\u00f6glichen Darstellung des Richtigen und dem Bewusstsein davon, wie es sein k\u00f6nnte.<sup><a href=\"#sdfootnote6sym\" id=\"sdfootnote6anc\"><sup>6<\/sup><\/a><\/sup><strong>\u2013<\/strong><\/p>\n\n\n\n<p>\u2013Erkenntnisgewinn durch Prozess also, mit viel \u00c4sthetik wie ich dich kenne?<\/p>\n\n\n\n<p class=\"has-text-align-right\">Erkenntnisgewinn durch Kritik und Ver\u00e4nderung w\u00fcrde ich sagen.<strong>\u2013<\/strong><\/p>\n\n\n\n<p>\u2013Aha. Es wird doch eher politisch\u2026<\/p>\n\n\n\n<p class=\"has-text-align-right\">Beziehung ist immer politisch, Baby.<sup><a href=\"#sdfootnote7sym\" id=\"sdfootnote7anc\"><sup>7<\/sup><\/a><\/sup><strong>\u2013<\/strong><\/p>\n\n\n\n<p>\u2013Vielleicht sollten wir uns dieser These mal lieber systematisch widmen, oder nicht?<\/p>\n\n\n\n<hr class=\"wp-block-separator has-alpha-channel-opacity\"\/>\n\n\n\n<p><a id=\"sdfootnote1sym\" href=\"#sdfootnote1anc\">1<\/a> Novalis: <em>Fragmente und Studien 1797-1798<\/em>. In: Paschek, Carl. (Hrsg.), Reclam: 1986.<\/p>\n\n\n\n<p><a id=\"sdfootnote2sym\" href=\"#sdfootnote2anc\">2<\/a> Henning Mohr: <em>Die Kunst der Innovationsgesellschaft \u2013 Kreative Interventionen als Suche nach Neuheit.<\/em> Berlin: Springer, 2018.<\/p>\n\n\n\n<p><a id=\"sdfootnote3sym\" href=\"#sdfootnote3anc\">3<\/a> Sibylle Anderl: <em>Welche Sprachen spricht die Kunst?<\/em> In: Frankfurter Allgemeine Zeitung, 2019, online unter: <a href=\"https:\/\/www.faz.net\/aktuell\/feuilleton\/debatten\/was-sich-kunst-und-wissenschaft-zu-sagen-haben-16073702.html?premium\">https:\/\/www.faz.net\/aktuell\/feuilleton\/debatten\/was-sich-kunst-und-wissenschaft-zu-sagen-haben-16073702.html?premium<\/a> (letzter Zugriff: 30.01.2021)<\/p>\n\n\n\n<p><a id=\"sdfootnote4sym\" href=\"#sdfootnote4anc\">4<\/a> C. Percy Snow: <em>The Two Cultures and the Scientific Revolution. <\/em><em>Cambridge<\/em>: Cambridge University Press 1959. Deutsche \u00dcbersetzung: Die zwei Kulturen. Literarische und naturwissenschaftliche Intelligenz (Versuche; 10). Stuttgart: Klett 1967.<\/p>\n\n\n\n<p><a id=\"sdfootnote5sym\" href=\"#sdfootnote5anc\">5<\/a> Volkswagenstiftung: <em>Forschungsprojekt \u2013 Wissenschaft und Kunst in Bewegung<\/em>. Wolfsburg, 2014. Infos unter: <a href=\"https:\/\/www.volkswagenstiftung.de\/unsere-foerderung\/arts-and-science-in-motion-%E2%80%93-wissenschaft-und-kunst-in-bewegung\">https:\/\/www.volkswagenstiftung.de\/unsere-foerderung\/arts-and-science-in-motion-%E2%80%93-wissenschaft-und-kunst-in-bewegung<\/a>, (letzter Zugriff: 30.01.2021)<\/p>\n\n\n\n<p><a id=\"sdfootnote6sym\" href=\"#sdfootnote6anc\">6<\/a> W. Theodor Adorno: \u201ePhilosophische Terminologie\u201c In: Elberfeld, Rolf (Hrsg.): <em>Was ist Philosophie? Programmatische Texte von Platon bis Derrida<\/em>. Stuttgart: Reclam, 2006, S. 213-216.<\/p>\n\n\n\n<p><a id=\"sdfootnote7sym\" href=\"#sdfootnote7anc\">7<\/a> Bini Adamczak: <em>Beziehungsweise Revolution \u2013 1917, 1968 und kommende<\/em>. Frankfurt am Main: Suhrkamp, 2017.<\/p>\n","protected":false},"excerpt":{"rendered":"<p>| von Sophie Helena H\u00fcbner | K. und W. lernten sich vor einiger Zeit \u00fcber einen gemeinsamen Freund kennen, Leonardo. Er war gut darin sie zusammenzubringen. Sie wurden ein Liebespaar. Nach mehreren Krisen trennten sie sich f\u00fcr eine lange Zeit. Sie hatten wenige gemeinsame Freund_innen. Zwar gab es solche, die ihnen in Ihrer Kombination einiges &hellip; <\/p>\n<p class=\"link-more\"><a href=\"https:\/\/www.refrat.de\/huch\/2023\/05\/was-sich-kunst-und-wissenschaft-zu-sagen-haben-ein-beziehungstalk-huch95\/\" class=\"more-link\"><span class=\"screen-reader-text\">\u201eWas sich Kunst und Wissenschaft zu sagen haben \u2013 Ein Beziehungstalk \u2013 HUch#95\u201c <\/span>weiterlesen<\/a><\/p>\n","protected":false},"author":1,"featured_media":0,"comment_status":"closed","ping_status":"open","sticky":false,"template":"","format":"standard","meta":{"footnotes":""},"categories":[1],"tags":[],"class_list":["post-1110","post","type-post","status-publish","format-standard","hentry","category-allgemein"],"_links":{"self":[{"href":"https:\/\/www.refrat.de\/huch\/wp-json\/wp\/v2\/posts\/1110","targetHints":{"allow":["GET"]}}],"collection":[{"href":"https:\/\/www.refrat.de\/huch\/wp-json\/wp\/v2\/posts"}],"about":[{"href":"https:\/\/www.refrat.de\/huch\/wp-json\/wp\/v2\/types\/post"}],"author":[{"embeddable":true,"href":"https:\/\/www.refrat.de\/huch\/wp-json\/wp\/v2\/users\/1"}],"replies":[{"embeddable":true,"href":"https:\/\/www.refrat.de\/huch\/wp-json\/wp\/v2\/comments?post=1110"}],"version-history":[{"count":6,"href":"https:\/\/www.refrat.de\/huch\/wp-json\/wp\/v2\/posts\/1110\/revisions"}],"predecessor-version":[{"id":1117,"href":"https:\/\/www.refrat.de\/huch\/wp-json\/wp\/v2\/posts\/1110\/revisions\/1117"}],"wp:attachment":[{"href":"https:\/\/www.refrat.de\/huch\/wp-json\/wp\/v2\/media?parent=1110"}],"wp:term":[{"taxonomy":"category","embeddable":true,"href":"https:\/\/www.refrat.de\/huch\/wp-json\/wp\/v2\/categories?post=1110"},{"taxonomy":"post_tag","embeddable":true,"href":"https:\/\/www.refrat.de\/huch\/wp-json\/wp\/v2\/tags?post=1110"}],"curies":[{"name":"wp","href":"https:\/\/api.w.org\/{rel}","templated":true}]}}